{"id":1989,"date":"2021-08-25T08:29:31","date_gmt":"2021-08-25T08:29:31","guid":{"rendered":"https:\/\/ageraventurat.com\/col%c2%b7legiata-de-sant-pere-dager\/"},"modified":"2022-09-21T19:27:41","modified_gmt":"2022-09-21T19:27:41","slug":"colegiata-de-sant-pere-de-ager","status":"publish","type":"post","link":"https:\/\/ageraventurat.com\/es\/colegiata-de-sant-pere-de-ager\/","title":{"rendered":"COLEGIATA DE SANT PERE DE \u00c0GER"},"content":{"rendered":"<div class=\"fusion-fullwidth fullwidth-box fusion-builder-row-1 fusion-flex-container nonhundred-percent-fullwidth non-hundred-percent-height-scrolling\" style=\"background-color: rgba(255,255,255,0);background-position: center center;background-repeat: no-repeat;border-width: 0px 0px 0px 0px;border-color:#f7f7f7;border-style:solid;\" ><div class=\"fusion-builder-row fusion-row fusion-flex-align-items-flex-start\" style=\"max-width:1216.8px;margin-left: calc(-4% \/ 2 );margin-right: calc(-4% \/ 2 );\"><div class=\"fusion-layout-column fusion_builder_column fusion-builder-column-0 fusion_builder_column_1_1 1_1 fusion-flex-column\"><div class=\"fusion-column-wrapper fusion-flex-justify-content-flex-start fusion-content-layout-column\" style=\"background-position:left top;background-repeat:no-repeat;-webkit-background-size:cover;-moz-background-size:cover;-o-background-size:cover;background-size:cover;padding: 0px 0px 0px 0px;\"><div class=\"fusion-text fusion-text-1\" style=\"transform:translate3d(0,0,0);\"><p>Tal y como os recomend\u00e1bamos en el pasado art\u00edculo\u00a0<a href=\"\/es\/7-puntos-de-interes-que-te-recomendamos-visitar-la-magia-del-invierno-en-el-valle-de-ager-y-montrebei\/\"><strong>\u2018Qu\u00e9 ver cerca del Congost de Mont-rebei\u2019<\/strong><\/a>, hay lugares de nuestro entorno como la Colegiata de Sant Pere de \u00c0ger que no pod\u00e9is dejar de visitar.<\/p>\n<\/div><div class=\"fusion-content-boxes content-boxes columns row fusion-columns-1 fusion-columns-total-1 fusion-content-boxes-1 content-boxes-icon-with-title content-left\" data-animationOffset=\"100%\" style=\"margin-top:0px;margin-bottom:60px;\"><style type=\"text\/css\">.fusion-content-boxes-1 .heading .content-box-heading {color:#3a4149;}\n\t\t\t\t\t.fusion-content-boxes-1 .fusion-content-box-hover .link-area-link-icon-hover .heading .content-box-heading,\n\t\t\t\t\t.fusion-content-boxes-1 .fusion-content-box-hover .link-area-link-icon-hover .heading .heading-link .content-box-heading,\n\t\t\t\t\t.fusion-content-boxes-1 .fusion-content-box-hover .link-area-box-hover .heading .content-box-heading,\n\t\t\t\t\t.fusion-content-boxes-1 .fusion-content-box-hover .link-area-box-hover .heading .heading-link .content-box-heading,\n\t\t\t\t\t.fusion-content-boxes-1 .fusion-content-box-hover .link-area-link-icon-hover.link-area-box .fusion-read-more,\n\t\t\t\t\t.fusion-content-boxes-1 .fusion-content-box-hover .link-area-link-icon-hover.link-area-box .fusion-read-more::after,\n\t\t\t\t\t.fusion-content-boxes-1 .fusion-content-box-hover .link-area-link-icon-hover.link-area-box .fusion-read-more::before,\n\t\t\t\t\t.fusion-content-boxes-1 .fusion-content-box-hover .fusion-read-more:hover:after,\n\t\t\t\t\t.fusion-content-boxes-1 .fusion-content-box-hover .fusion-read-more:hover:before,\n\t\t\t\t\t.fusion-content-boxes-1 .fusion-content-box-hover .fusion-read-more:hover,\n\t\t\t\t\t.fusion-content-boxes-1 .fusion-content-box-hover .link-area-box-hover.link-area-box .fusion-read-more,\n\t\t\t\t\t.fusion-content-boxes-1 .fusion-content-box-hover .link-area-box-hover.link-area-box .fusion-read-more::after,\n\t\t\t\t\t.fusion-content-boxes-1 .fusion-content-box-hover .link-area-box-hover.link-area-box .fusion-read-more::before,\n\t\t\t\t\t.fusion-content-boxes-1 .fusion-content-box-hover .link-area-link-icon-hover .icon .circle-no,\n\t\t\t\t\t.fusion-content-boxes-1 .heading .heading-link:hover .content-box-heading {\n\t\t\t\t\t\tcolor: #3a4149;\n\t\t\t\t\t}\n\t\t\t\t\t.fusion-content-boxes-1 .fusion-content-box-hover .link-area-box-hover .icon .circle-no {\n\t\t\t\t\t\tcolor: #3a4149 !important;\n\t\t\t\t\t}.fusion-content-boxes-1 .fusion-content-box-hover .link-area-box.link-area-box-hover .fusion-content-box-button {background: #fcb77e;color: #ffffff;}.fusion-content-boxes-1 .fusion-content-box-hover .link-area-box.link-area-box-hover .fusion-content-box-button .fusion-button-text {color: #ffffff;}\n\t\t\t\t\t.fusion-content-boxes-1 .fusion-content-box-hover .link-area-link-icon-hover .heading .icon > span {\n\t\t\t\t\t\tbackground-color: #3a4149 !important;\n\t\t\t\t\t}\n\t\t\t\t\t.fusion-content-boxes-1 .fusion-content-box-hover .link-area-box-hover .heading .icon > span {\n\t\t\t\t\t\tborder-color: #3a4149 !important;\n\t\t\t\t\t}<\/style><div class=\"fusion-column content-box-column content-box-column content-box-column-1 col-lg-12 col-md-12 col-sm-12 fusion-content-box-hover content-box-column-last content-box-column-last-in-row\"><div class=\"col content-box-wrapper content-wrapper-background link-area-link-icon icon-hover-animation-fade\" style=\"background-color:#bababa;\" data-animationOffset=\"100%\"><div class=\"heading icon-left\"><h2 class=\"content-box-heading\" style=\"font-size:21px;line-height:26px;\">\u00cdndex - Col\u00b7legiata de Sant Pere d'\u00c0ger<\/h2><\/div><div class=\"fusion-clearfix\"><\/div><div class=\"content-container\" style=\"color:#7b838b;\">\n<ul>\n<li><a class=\"fusion-one-page-text-link\" href=\"#usos\">Su uso a lo largo de los a\u00f1os<\/a><\/li>\n<li><a class=\"fusion-one-page-text-link\" href=\"#queteencontraras\">Qu\u00e9 encontrar\u00e1s<\/a><\/li>\n<li><a class=\"fusion-one-page-text-link\" href=\"#conninos\">Vis\u00edtala con ni\u00f1os<\/a><\/li>\n<li><a class=\"fusion-one-page-text-link\" href=\"#comollegar\">Como llegar<\/a><\/li>\n<li><a class=\"fusion-one-page-text-link\" href=\"#parapente\">La Colegiata desde\u00a0 el aire<\/a><\/li>\n<\/ul>\n<\/div><\/div><\/div><style type=\"text\/css\">\n\t\t\t\t\t\t.fusion-content-boxes-1 .fusion-content-box-hover .heading-link:hover .icon i.circle-yes,\n\t\t\t\t\t\t.fusion-content-boxes-1 .fusion-content-box-hover .link-area-box:hover .heading-link .icon i.circle-yes,\n\t\t\t\t\t\t.fusion-content-boxes-1 .fusion-content-box-hover .link-area-link-icon-hover .heading .icon i.circle-yes,\n\t\t\t\t\t\t.fusion-content-boxes-1 .fusion-content-box-hover .link-area-box-hover .heading .icon i.circle-yes {\n\t\t\t\t\t\t\tbackground-color: #3a4149 !important;\n\t\t\t\t\t\t\tborder-color: #3a4149 !important;\n\t\t\t\t\t\t}<\/style><div class=\"fusion-clearfix\"><\/div><\/div><div class=\"fusion-text fusion-text-2\" style=\"transform:translate3d(0,0,0);\"><p>La <strong>Colegiata de Sant Pere de \u00c0ger <\/strong>es una\u00a0parada obligatoria para los amantes de la cultura.<\/p>\n<p><span style=\"font-weight: 400;\">Situada en lo alto de la poblaci\u00f3n de \u00c0ger, encontramos la antigua colegiata de <\/span><span style=\"font-weight: 400;\">Sant<\/span> <span style=\"font-weight: 400;\">Pere<\/span><span style=\"font-weight: 400;\"> de \u00c0ger, uno de los conjuntos m\u00e1s importantes de la arquitectura rom\u00e1nica catalana que te transportar\u00e1 a los siglos XI y XVI.<\/span><\/p>\n<p><span style=\"font-weight: 400;\">Este conjunto monumental, declarado bien cultural de inter\u00e9s nacional, est\u00e1 formado por el recinto amurallado, el castillo y las dependencias del monasterio canonical a la villa.<\/span><\/p>\n<p><span style=\"font-weight: 400;\">Todav\u00eda hoy, se puede observar parte de la que es su historia, la conquista cristiana, que comandados por <\/span><strong>Arnau<\/strong><span style=\"font-weight: 400;\"><strong> Mir de Tost<\/strong> se hicieron con la fortaleza y junto a su mujer la convirtieron en su residencia.<\/span><\/p>\n<p><span style=\"font-weight: 400;\">M\u00e1s tarde ordenaron la construcci\u00f3n de la iglesia de <\/span><span style=\"font-weight: 400;\">Sant<\/span> <span style=\"font-weight: 400;\">Pere<\/span><span style=\"font-weight: 400;\">.<\/span><\/p>\n<p><img decoding=\"async\" class=\"lazyload aligncenter wp-image-10085 size-full\" style=\"text-align: center;\" src=\"https:\/\/ageraventurat.com\/wp-content\/uploads\/2021\/08\/Ager.jpg\" data-orig-src=\"https:\/\/ageraventurat.com\/wp-content\/uploads\/2021\/08\/Ager.jpg\" alt=\"Pueblo de \u00c0ger dominado por la Colegiata de Sant Pere | \u00c0ger Aventura't\" width=\"600\" height=\"400\" srcset=\"data:image\/svg+xml,%3Csvg%20xmlns%3D%27http%3A%2F%2Fwww.w3.org%2F2000%2Fsvg%27%20width%3D%27600%27%20height%3D%27400%27%20viewBox%3D%270%200%20600%20400%27%3E%3Crect%20width%3D%27600%27%20height%3D%273400%27%20fill-opacity%3D%220%22%2F%3E%3C%2Fsvg%3E\" data-srcset=\"https:\/\/ageraventurat.com\/wp-content\/uploads\/2021\/08\/Ager-200x133.jpg 200w, https:\/\/ageraventurat.com\/wp-content\/uploads\/2021\/08\/Ager-300x200.jpg 300w, https:\/\/ageraventurat.com\/wp-content\/uploads\/2021\/08\/Ager-400x267.jpg 400w, https:\/\/ageraventurat.com\/wp-content\/uploads\/2021\/08\/Ager.jpg 600w\" data-sizes=\"auto\" data-orig-sizes=\"(max-width: 600px) 100vw, 600px\" \/><\/p>\n<div class=\"mceTemp\"><\/div>\n<\/div><div class=\"fusion-menu-anchor\" id=\"usos\"><\/div><div class=\"fusion-text fusion-text-3\" style=\"transform:translate3d(0,0,0);\"><h2 style=\"color: #1798a7; font-size: 24px;\">Su uso a lo largo de los a\u00f1os<\/h2>\n<p><span style=\"font-weight: 400;\">El conjunto del castillo colegiata de Sant Pere de \u00c0ger usaba dos estamentos feudales principales, repartidos en: la torre mayor y unas dependencias anexas para el conde y su familia, que fueron utilizadas hasta el siglo XIV, cuando se produzco la ca\u00edda del Condado de Urgell y la can\u00f3nica se qued\u00f3 con el conjunto.<\/span><\/p>\n<p><span style=\"font-weight: 400;\">Finalmente, alrededor del a\u00f1o 1829, Ros de Eroles lo emple\u00f3 como fort\u00edn para las fuerzas carlistas, y, seguidamente, por las gubernamentales hasta final del siglo XIX, cuando definitivamente qued\u00f3 abandonado.\u00a0<\/span><\/p>\n<div id=\"attachment_10089\" style=\"width: 610px\" class=\"wp-caption aligncenter\"><img decoding=\"async\" aria-describedby=\"caption-attachment-10089\" class=\"lazyload wp-image-10089 size-full\" src=\"https:\/\/ageraventurat.com\/wp-content\/uploads\/2021\/08\/Sant-Pere-dAger.jpg\" data-orig-src=\"https:\/\/ageraventurat.com\/wp-content\/uploads\/2021\/08\/Sant-Pere-dAger.jpg\" alt=\"Sant Pere de \u00c0ger \" width=\"600\" height=\"400\" srcset=\"data:image\/svg+xml,%3Csvg%20xmlns%3D%27http%3A%2F%2Fwww.w3.org%2F2000%2Fsvg%27%20width%3D%27600%27%20height%3D%27400%27%20viewBox%3D%270%200%20600%20400%27%3E%3Crect%20width%3D%27600%27%20height%3D%273400%27%20fill-opacity%3D%220%22%2F%3E%3C%2Fsvg%3E\" data-srcset=\"https:\/\/ageraventurat.com\/wp-content\/uploads\/2021\/08\/Sant-Pere-dAger-200x133.jpg 200w, https:\/\/ageraventurat.com\/wp-content\/uploads\/2021\/08\/Sant-Pere-dAger-300x200.jpg 300w, https:\/\/ageraventurat.com\/wp-content\/uploads\/2021\/08\/Sant-Pere-dAger-400x267.jpg 400w, https:\/\/ageraventurat.com\/wp-content\/uploads\/2021\/08\/Sant-Pere-dAger.jpg 600w\" data-sizes=\"auto\" data-orig-sizes=\"(max-width: 600px) 100vw, 600px\" \/><p id=\"caption-attachment-10089\" class=\"wp-caption-text\">Foto de patrimoni.gencat.cat<\/p><\/div>\n<\/div><div class=\"fusion-menu-anchor\" id=\"queteencontraras\"><\/div><div class=\"fusion-text fusion-text-4\" style=\"transform:translate3d(0,0,0);\"><h2 style=\"color: #1798a7; font-size: 24px;\">Qu\u00e9 encontrar\u00e1s<\/h2>\n<p><span style=\"font-weight: 400;\">Este monumento religioso fue el n\u00facleo m\u00e1s antiguo de la poblaci\u00f3n de \u00c0ger, ya que se encuentra en una situaci\u00f3n estrat\u00e9gica. Siglos despu\u00e9s, contin\u00faa conservando el recinto fortificado de estilo rom\u00e1nico y neog\u00f3tico.\u00a0<\/span><\/p>\n<p><span style=\"font-weight: 400;\">A lo largo de la visita tambi\u00e9n podr\u00e1s ver las ruinas que quedan del que fue el antiguo castillo romano, donde podr\u00e1s apreciar un gran edificio rectangular, que forma dos naves donde probablemente habr\u00eda la sala mayor.<\/span><\/p>\n<p><span style=\"font-weight: 400;\">El monasterio canonical todav\u00eda conserva unas importantes ruinas, las cuales se han ido restaurando parcialmente. Encima de la cripta se pueden observar restos de la antigua iglesia, formada por tres naves con cubiertas de vuelta de ca\u00f1\u00f3n, una cabecera y \u00e1bsides semicirculares.\u00a0<\/span><\/p>\n<p><span style=\"font-weight: 400;\">En frente la iglesia, se puede ver el que era el claustro g\u00f3tico.\u00a0<\/span><\/p>\n<p><span style=\"font-weight: 400;\">Tambi\u00e9n, se conservan ornamentos y pinturas murales que se encuentran al Museo de Lleida, al MNAC y en los Estados Unidos.\u00a0<\/span><\/p>\n<div id=\"attachment_10091\" style=\"width: 650px\" class=\"wp-caption aligncenter\"><img decoding=\"async\" aria-describedby=\"caption-attachment-10091\" class=\"lazyload wp-image-10091 size-full\" src=\"https:\/\/ageraventurat.com\/wp-content\/uploads\/2021\/08\/Claustre-gotic-de-la-Collegiata-de-Sant-Pere-Ager.jpg\" data-orig-src=\"https:\/\/ageraventurat.com\/wp-content\/uploads\/2021\/08\/Claustre-gotic-de-la-Collegiata-de-Sant-Pere-Ager.jpg\" alt=\"Claustre g\u00f2tic de la Col\u00b7legiata de Sant Pere \u00c0ger | \u00c0ger Aventura't\" width=\"640\" height=\"428\" srcset=\"data:image\/svg+xml,%3Csvg%20xmlns%3D%27http%3A%2F%2Fwww.w3.org%2F2000%2Fsvg%27%20width%3D%27640%27%20height%3D%27428%27%20viewBox%3D%270%200%20640%20428%27%3E%3Crect%20width%3D%27640%27%20height%3D%273428%27%20fill-opacity%3D%220%22%2F%3E%3C%2Fsvg%3E\" data-srcset=\"https:\/\/ageraventurat.com\/wp-content\/uploads\/2021\/08\/Claustre-gotic-de-la-Collegiata-de-Sant-Pere-Ager-200x134.jpg 200w, https:\/\/ageraventurat.com\/wp-content\/uploads\/2021\/08\/Claustre-gotic-de-la-Collegiata-de-Sant-Pere-Ager-300x201.jpg 300w, https:\/\/ageraventurat.com\/wp-content\/uploads\/2021\/08\/Claustre-gotic-de-la-Collegiata-de-Sant-Pere-Ager-400x268.jpg 400w, https:\/\/ageraventurat.com\/wp-content\/uploads\/2021\/08\/Claustre-gotic-de-la-Collegiata-de-Sant-Pere-Ager-600x401.jpg 600w, https:\/\/ageraventurat.com\/wp-content\/uploads\/2021\/08\/Claustre-gotic-de-la-Collegiata-de-Sant-Pere-Ager.jpg 640w\" data-sizes=\"auto\" data-orig-sizes=\"(max-width: 640px) 100vw, 640px\" \/><p id=\"caption-attachment-10091\" class=\"wp-caption-text\">Claustro g\u00f3tico de la Colegiata de Sant Pere de \u00c0ger. Foto de Bisbatlleida.org<\/p><\/div>\n<\/div><div class=\"fusion-menu-anchor\" id=\"conninos\"><\/div><div class=\"fusion-text fusion-text-5\" style=\"transform:translate3d(0,0,0);\"><h2 style=\"color: #1798a7; font-size: 24px;\">Vis\u00edtala con ni\u00f1os<\/h2>\n<p><span style=\"font-weight: 400;\">\u00c0ger te ofrece la posibilidad de hacer una visita guiada de tan solo 45 minutos por la colegiata de Sant Pere de \u00c0ger. Por ello resulta perfecta para hacerla acompa\u00f1ados de los m\u00e1s peque\u00f1os de casa.<\/span><\/p>\n<p><span style=\"font-weight: 400;\">Para m\u00e1s informaci\u00f3n, visita la secci\u00f3n de turismo en la web del Ayuntamiento de \u00c0ger <\/span><a href=\"https:\/\/www.ager.cat\/descobreix\/visites-a-la-col-legiata-i-al-casc-antic\"><span style=\"font-weight: 400;\">https:\/\/www.ager.cat\/descobreix\/visites-a-la-col-legiata-i-al-casc-antic<\/span><\/a><span style=\"font-weight: 400;\"> o escribe a <\/span><a href=\"mailto:visitescultura@ager.cat\"><span style=\"font-weight: 400;\">visitescultura@ager.cat<\/span><\/a><\/p>\n<\/div><div class=\"fusion-menu-anchor\" id=\"comollegar\"><\/div><div class=\"fusion-text fusion-text-6\" style=\"transform:translate3d(0,0,0);\"><h2 style=\"color: #1798a7; font-size: 24px;\">Como llegar<\/h2>\n<p>Vengas de la capital que vengas, te explicamos c\u00f3mo llegar a la poblaci\u00f3n de \u00c0ger.<\/p>\n<h3 style=\"font-size: 20px;\">Si vienes desde Lleida:<\/h3>\n<p>Coge la C-12, pasar\u00e1s por Les Avellanes, y Sant Josep de Fontdepou. Contin\u00faa hasta llegar a \u00c0ger, donde encontrar\u00e1s el aparcamiento de Sant Joan para poder dejar el coche.<\/p>\n<h3 style=\"font-size: 20px;\">Si vienes desde Barcelona:<\/h3>\n<p>Coge la autov\u00eda A-2 hasta llegar a la salida 504 direcci\u00f3n C-53. Contin\u00faa por la C-53 hasta llegar a la C-26. A la primera rotonda coge la segunda salida direcci\u00f3n C-12. Sigue la C-12 hasta llegar a \u00c0ger, donde encontrar\u00e1s el aparcamiento de Sant Joan para poder dejar el coche.<\/p>\n<h3 style=\"font-size: 20px;\">Si vienes desde Girona:<\/h3>\n<p>Desde la N-II coge la salida que lleva a la A-2. Sigue por la A-2 hasta llegar a la salida 702 direcci\u00f3n C-25. Contin\u00faa por la C-25 hasta incorporarte a la autov\u00eda A-2 donde tendr\u00e1s que coger la salida 504 direcci\u00f3n C-53.<br \/>\nSigue por la C-53 hasta llegar a la C-26. A la primera rotonda coge la segunda salida direcci\u00f3n C-12. Contin\u00faa por la C-12 hasta llegar a \u00c0ger donde encontrar\u00e1s el aparcamiento de Sant Joan para poder dejar el coche.<\/p>\n<h3 style=\"font-size: 20px;\">Si vienes desde Tarragona:<\/h3>\n<p>Desde la N-340 hasta llegar a la rotonda, coge la primera salida. Al llegar a la segunda rotonda, coge la cuarta salida direcci\u00f3n T-11. A la tercera rotonda coge la primera salida direcci\u00f3n A-27. Sigue hasta la siguiente rotonda y coge la tercera salida hacia la N-240. Contin\u00faa hasta la rotonda direcci\u00f3n C-13 y coge el desv\u00edo hacia la autov\u00eda A-2. Sigue hasta la salida 465 direcci\u00f3n C-12. Contin\u00faa por la C-12 hasta llegar a \u00c0ger donde encontrar\u00e1s el aparcamiento de Sant Joan para poder dejar el coche.<\/p>\n<\/div><div class=\"fusion-menu-anchor\" id=\"parapente\"><\/div><div class=\"fusion-text fusion-text-7\" style=\"transform:translate3d(0,0,0);\"><div id=\"attachment_10087\" style=\"width: 610px\" class=\"wp-caption aligncenter\"><img decoding=\"async\" aria-describedby=\"caption-attachment-10087\" class=\"lazyload wp-image-10087 size-full\" src=\"https:\/\/ageraventurat.com\/wp-content\/uploads\/2021\/08\/collegiata-sant-pere-dager.jpg\" data-orig-src=\"https:\/\/ageraventurat.com\/wp-content\/uploads\/2021\/08\/collegiata-sant-pere-dager.jpg\" alt=\"Colegiata de Sant Pere de \u00c0ger\" width=\"600\" height=\"400\" srcset=\"data:image\/svg+xml,%3Csvg%20xmlns%3D%27http%3A%2F%2Fwww.w3.org%2F2000%2Fsvg%27%20width%3D%27600%27%20height%3D%27400%27%20viewBox%3D%270%200%20600%20400%27%3E%3Crect%20width%3D%27600%27%20height%3D%273400%27%20fill-opacity%3D%220%22%2F%3E%3C%2Fsvg%3E\" data-srcset=\"https:\/\/ageraventurat.com\/wp-content\/uploads\/2021\/08\/collegiata-sant-pere-dager-200x133.jpg 200w, https:\/\/ageraventurat.com\/wp-content\/uploads\/2021\/08\/collegiata-sant-pere-dager-300x200.jpg 300w, https:\/\/ageraventurat.com\/wp-content\/uploads\/2021\/08\/collegiata-sant-pere-dager-400x267.jpg 400w, https:\/\/ageraventurat.com\/wp-content\/uploads\/2021\/08\/collegiata-sant-pere-dager.jpg 600w\" data-sizes=\"auto\" data-orig-sizes=\"(max-width: 600px) 100vw, 600px\" \/><p id=\"caption-attachment-10087\" class=\"wp-caption-text\">Foto de Territoris.cat<\/p><\/div>\n<h2 style=\"color: #1798a7; font-size: 24px;\">La Colegiata desde el aire<\/h2>\n<p>Lo m\u00e1s com\u00fan para visitar esta edificaci\u00f3n es hacerlo des del suelo, a\u00fan siendo el punto m\u00e1s alto de la villa de \u00c0ger. \u00bfTe imaginas verlo a vista de dron? \u00a1No! \u00a1Mejor a vista de de p\u00e1jaro! Reserva un\u00a0<a href=\"\/es\/actividades\/parapente-biplaza\/\"><strong>vuelo en parapente biplaza<\/strong>\u00a0<\/a>con nosotros y disfrutar\u00e1s de unas vistas poco comunes de la colegiata de St. Pere de \u00c0ger. \u00bfUna iglesia? \u00bfUn castillo? \u00a1 Ambos!<\/p>\n<p><strong>\u00bfQu\u00e9 incluye la actividad?<\/strong><\/p>\n<ul>\n<li>Vuelo en parapente bipla\u00e7a con instructor cualificado.<\/li>\n<li>20 &#8211; 30\u2019 de vuelo\u00a0<em>(seg\u00fan condiciones meteorol\u00f3gicas.)<\/em><\/li>\n<li>Transporte del punto de encuentro al punto de despegue.<\/li>\n<li>Punto de aterrizaje = Punto de Encuentro.<\/li>\n<li>Fotograf\u00edas y v\u00eddeos de la experiencia.<\/li>\n<li>Si se desea, la posibilidad de realizar acrobacias a\u00e9reas.<\/li>\n<\/ul>\n<p><strong>Material necesario:<\/strong><\/p>\n<ul>\n<li>Ropa de abrigo.<\/li>\n<li>Calzado adecuado.<\/li>\n<\/ul>\n<p><span style=\"font-weight: 400;\">\u00a1Nos vemos en la colegiata de Sant Pere de \u00c0ger familia! \u00a1Que la aventura y las ganas de continuar explorando, conociendo y descubriendo no se acaben nunca!<\/span><\/p>\n<h3 style=\"font-size: 18px;\">Art\u00edculos relacionados:<\/h3>\n<p><a href=\"\/es\/7-puntos-de-interes-que-te-recomendamos-visitar-la-magia-del-invierno-en-el-valle-de-ager-y-montrebei\/\">Qu\u00e9 ver cerca del Congost de Montrebei<\/a><\/p>\n<p><a href=\"\/es\/ermita-de-la-pertusa\/\">Ermita de la Pertusa<\/a><\/p>\n<p><a href=\"\/es\/ruta-de-pueblos-con-encanto-cerca-de-montrebei\/\">Ruta de pueblos con encanto cerca del Congost de Mont-rebei<\/a><\/p>\n<\/div><\/div><\/div><style type=\"text\/css\">.fusion-body .fusion-builder-column-0{width:100% !important;margin-top : 30px;margin-bottom : 0px;}.fusion-builder-column-0 > .fusion-column-wrapper {padding-top : 0px !important;padding-right : 0px !important;margin-right : 1.92%;padding-bottom : 0px !important;padding-left : 0px !important;margin-left : 1.92%;}@media only screen and (max-width:1000px) {.fusion-body .fusion-builder-column-0{width:100% !important;order : 0;}.fusion-builder-column-0 > .fusion-column-wrapper {margin-right : 1.92%;margin-left : 1.92%;}}@media only screen and (max-width:640px) {.fusion-body .fusion-builder-column-0{width:100% !important;order : 0;}.fusion-builder-column-0 > .fusion-column-wrapper {margin-right : 1.92%;margin-left : 1.92%;}}<\/style><\/div><style type=\"text\/css\">.fusion-body .fusion-flex-container.fusion-builder-row-1{ padding-top : 0px;margin-top : 0px;padding-right : 0px;padding-bottom : 0px;margin-bottom : 0px;padding-left : 0px;}<\/style><\/div>\n","protected":false},"excerpt":{"rendered":"","protected":false},"author":1,"featured_media":1990,"comment_status":"open","ping_status":"open","sticky":false,"template":"","format":"standard","meta":{"footnotes":""},"categories":[24],"tags":[],"class_list":["post-1989","post","type-post","status-publish","format-standard","has-post-thumbnail","hentry","category-noticias"],"yoast_head":"<!-- This site is optimized with the Yoast SEO plugin v24.2 - https:\/\/yoast.com\/wordpress\/plugins\/seo\/ -->\n<title>COLEGIATA DE SANT PERE DE \u00c0GER | \u00c0ger Aventura&#039;t<\/title>\n<meta name=\"description\" content=\"La Colegiata de Sant Pere de \u00c0ger es una iglesia amparada por las murallas de un castillo en el punto m\u00e1s alto de la villa de \u00c0ger.\" \/>\n<meta name=\"robots\" content=\"index, follow, max-snippet:-1, max-image-preview:large, max-video-preview:-1\" \/>\n<link rel=\"canonical\" href=\"https:\/\/ageraventurat.com\/es\/colegiata-de-sant-pere-de-ager\/\" \/>\n<meta property=\"og:locale\" content=\"es_ES\" \/>\n<meta property=\"og:type\" content=\"article\" \/>\n<meta property=\"og:title\" content=\"COLEGIATA DE SANT PERE DE \u00c0GER | \u00c0ger Aventura&#039;t\" \/>\n<meta property=\"og:description\" content=\"La Colegiata de Sant Pere de \u00c0ger es una iglesia amparada por las murallas de un castillo en el punto m\u00e1s alto de la villa de \u00c0ger.\" \/>\n<meta property=\"og:url\" content=\"https:\/\/ageraventurat.com\/es\/colegiata-de-sant-pere-de-ager\/\" \/>\n<meta property=\"og:site_name\" content=\"Mont Rebei | \u00c0ger Aventura&#039;t\" \/>\n<meta property=\"og:image\" content=\"https:\/\/ageraventurat.com\/wp-content\/uploads\/2021\/10\/col\u00b7legiata-de-sant-pere-dager.jpg\" \/>\n\t<meta property=\"og:image:width\" content=\"768\" \/>\n\t<meta property=\"og:image:height\" content=\"652\" \/>\n\t<meta property=\"og:image:type\" content=\"image\/jpeg\" \/>\n<meta name=\"author\" content=\"admin\" \/>\n<meta name=\"twitter:card\" content=\"summary_large_image\" \/>\n<meta name=\"twitter:label1\" content=\"Escrito por\" \/>\n\t<meta name=\"twitter:data1\" content=\"\" \/>\n\t<meta name=\"twitter:label2\" content=\"Tiempo de lectura\" \/>\n\t<meta name=\"twitter:data2\" content=\"9 minutos\" \/>\n<script type=\"application\/ld+json\" class=\"yoast-schema-graph\">{\"@context\":\"https:\/\/schema.org\",\"@graph\":[{\"@type\":\"Article\",\"@id\":\"https:\/\/ageraventurat.com\/es\/colegiata-de-sant-pere-de-ager\/#article\",\"isPartOf\":{\"@id\":\"https:\/\/ageraventurat.com\/es\/colegiata-de-sant-pere-de-ager\/\"},\"author\":{\"name\":\"admin\",\"@id\":\"https:\/\/ageraventurat.com\/#\/schema\/person\/1e5d701bce03fbc3ef9e250fc01a3e5a\"},\"headline\":\"COLEGIATA DE SANT PERE DE \u00c0GER\",\"datePublished\":\"2021-08-25T08:29:31+00:00\",\"dateModified\":\"2022-09-21T19:27:41+00:00\",\"mainEntityOfPage\":{\"@id\":\"https:\/\/ageraventurat.com\/es\/colegiata-de-sant-pere-de-ager\/\"},\"wordCount\":2113,\"commentCount\":0,\"publisher\":{\"@id\":\"https:\/\/ageraventurat.com\/#organization\"},\"image\":{\"@id\":\"https:\/\/ageraventurat.com\/es\/colegiata-de-sant-pere-de-ager\/#primaryimage\"},\"thumbnailUrl\":\"https:\/\/ageraventurat.com\/wp-content\/uploads\/2021\/10\/col\u00b7legiata-de-sant-pere-dager.jpg\",\"articleSection\":[\"Noticias\"],\"inLanguage\":\"es\",\"potentialAction\":[{\"@type\":\"CommentAction\",\"name\":\"Comment\",\"target\":[\"https:\/\/ageraventurat.com\/es\/colegiata-de-sant-pere-de-ager\/#respond\"]}]},{\"@type\":\"WebPage\",\"@id\":\"https:\/\/ageraventurat.com\/es\/colegiata-de-sant-pere-de-ager\/\",\"url\":\"https:\/\/ageraventurat.com\/es\/colegiata-de-sant-pere-de-ager\/\",\"name\":\"COLEGIATA DE SANT PERE DE \u00c0GER | \u00c0ger Aventura't\",\"isPartOf\":{\"@id\":\"https:\/\/ageraventurat.com\/#website\"},\"primaryImageOfPage\":{\"@id\":\"https:\/\/ageraventurat.com\/es\/colegiata-de-sant-pere-de-ager\/#primaryimage\"},\"image\":{\"@id\":\"https:\/\/ageraventurat.com\/es\/colegiata-de-sant-pere-de-ager\/#primaryimage\"},\"thumbnailUrl\":\"https:\/\/ageraventurat.com\/wp-content\/uploads\/2021\/10\/col\u00b7legiata-de-sant-pere-dager.jpg\",\"description\":\"La Colegiata de Sant Pere de \u00c0ger es una iglesia amparada por las murallas de un castillo en el punto m\u00e1s alto de la villa de \u00c0ger.\",\"breadcrumb\":{\"@id\":\"https:\/\/ageraventurat.com\/es\/colegiata-de-sant-pere-de-ager\/#breadcrumb\"},\"inLanguage\":\"es\",\"potentialAction\":[{\"@type\":\"ReadAction\",\"target\":[\"https:\/\/ageraventurat.com\/es\/colegiata-de-sant-pere-de-ager\/\"]}]},{\"@type\":\"ImageObject\",\"inLanguage\":\"es\",\"@id\":\"https:\/\/ageraventurat.com\/es\/colegiata-de-sant-pere-de-ager\/#primaryimage\",\"url\":\"https:\/\/ageraventurat.com\/wp-content\/uploads\/2021\/10\/col\u00b7legiata-de-sant-pere-dager.jpg\",\"contentUrl\":\"https:\/\/ageraventurat.com\/wp-content\/uploads\/2021\/10\/col\u00b7legiata-de-sant-pere-dager.jpg\",\"width\":768,\"height\":652,\"caption\":\"Colegiata de Sant Pere de \u00c0ger\"},{\"@type\":\"BreadcrumbList\",\"@id\":\"https:\/\/ageraventurat.com\/es\/colegiata-de-sant-pere-de-ager\/#breadcrumb\",\"itemListElement\":[{\"@type\":\"ListItem\",\"position\":1,\"name\":\"Inici\",\"item\":\"https:\/\/ageraventurat.com\/es\/inici\/\"},{\"@type\":\"ListItem\",\"position\":2,\"name\":\"COLEGIATA DE SANT PERE DE \u00c0GER\"}]},{\"@type\":\"WebSite\",\"@id\":\"https:\/\/ageraventurat.com\/#website\",\"url\":\"https:\/\/ageraventurat.com\/\",\"name\":\"Mont Rebei | \u00c0ger Aventura&#039;t\",\"description\":\"Actividades de aventura: Parapente \u00c0ger, Kayak Congost de Montrebei, trekking, barco, catamar\u00e1n. Muralla de Finestres, escaleras de Montfalc\u00f3, Canelles, La Pertusa...\",\"publisher\":{\"@id\":\"https:\/\/ageraventurat.com\/#organization\"},\"potentialAction\":[{\"@type\":\"SearchAction\",\"target\":{\"@type\":\"EntryPoint\",\"urlTemplate\":\"https:\/\/ageraventurat.com\/?s={search_term_string}\"},\"query-input\":{\"@type\":\"PropertyValueSpecification\",\"valueRequired\":true,\"valueName\":\"search_term_string\"}}],\"inLanguage\":\"es\"},{\"@type\":\"Organization\",\"@id\":\"https:\/\/ageraventurat.com\/#organization\",\"name\":\"\u00c0ger Aventura't\",\"url\":\"https:\/\/ageraventurat.com\/\",\"logo\":{\"@type\":\"ImageObject\",\"inLanguage\":\"es\",\"@id\":\"https:\/\/ageraventurat.com\/#\/schema\/logo\/image\/\",\"url\":\"https:\/\/ageraventurat.com\/wp-content\/uploads\/2023\/01\/logo-ager-aventurat-1x-1.png\",\"contentUrl\":\"https:\/\/ageraventurat.com\/wp-content\/uploads\/2023\/01\/logo-ager-aventurat-1x-1.png\",\"width\":120,\"height\":123,\"caption\":\"\u00c0ger Aventura't\"},\"image\":{\"@id\":\"https:\/\/ageraventurat.com\/#\/schema\/logo\/image\/\"}},{\"@type\":\"Person\",\"@id\":\"https:\/\/ageraventurat.com\/#\/schema\/person\/1e5d701bce03fbc3ef9e250fc01a3e5a\",\"name\":\"admin\",\"image\":{\"@type\":\"ImageObject\",\"inLanguage\":\"es\",\"@id\":\"https:\/\/ageraventurat.com\/#\/schema\/person\/image\/\",\"url\":\"https:\/\/secure.gravatar.com\/avatar\/3d8771e958295f415804336505f0c6faebfe16c066754f8f90e0b5a1023ffc77?s=96&d=mm&r=g\",\"contentUrl\":\"https:\/\/secure.gravatar.com\/avatar\/3d8771e958295f415804336505f0c6faebfe16c066754f8f90e0b5a1023ffc77?s=96&d=mm&r=g\",\"caption\":\"admin\"},\"sameAs\":[\"https:\/\/ageraventurat.com\"],\"url\":false}]}<\/script>\n<!-- \/ Yoast SEO plugin. -->","yoast_head_json":{"title":"COLEGIATA DE SANT PERE DE \u00c0GER | \u00c0ger Aventura't","description":"La Colegiata de Sant Pere de \u00c0ger es una iglesia amparada por las murallas de un castillo en el punto m\u00e1s alto de la villa de \u00c0ger.","robots":{"index":"index","follow":"follow","max-snippet":"max-snippet:-1","max-image-preview":"max-image-preview:large","max-video-preview":"max-video-preview:-1"},"canonical":"https:\/\/ageraventurat.com\/es\/colegiata-de-sant-pere-de-ager\/","og_locale":"es_ES","og_type":"article","og_title":"COLEGIATA DE SANT PERE DE \u00c0GER | \u00c0ger Aventura't","og_description":"La Colegiata de Sant Pere de \u00c0ger es una iglesia amparada por las murallas de un castillo en el punto m\u00e1s alto de la villa de \u00c0ger.","og_url":"https:\/\/ageraventurat.com\/es\/colegiata-de-sant-pere-de-ager\/","og_site_name":"Mont Rebei | \u00c0ger Aventura&#039;t","og_image":[{"width":768,"height":652,"url":"https:\/\/ageraventurat.com\/wp-content\/uploads\/2021\/10\/col\u00b7legiata-de-sant-pere-dager.jpg","type":"image\/jpeg"}],"author":"admin","twitter_card":"summary_large_image","twitter_misc":{"Escrito por":false,"Tiempo de lectura":"9 minutos"},"schema":{"@context":"https:\/\/schema.org","@graph":[{"@type":"Article","@id":"https:\/\/ageraventurat.com\/es\/colegiata-de-sant-pere-de-ager\/#article","isPartOf":{"@id":"https:\/\/ageraventurat.com\/es\/colegiata-de-sant-pere-de-ager\/"},"author":{"name":"admin","@id":"https:\/\/ageraventurat.com\/#\/schema\/person\/1e5d701bce03fbc3ef9e250fc01a3e5a"},"headline":"COLEGIATA DE SANT PERE DE \u00c0GER","datePublished":"2021-08-25T08:29:31+00:00","dateModified":"2022-09-21T19:27:41+00:00","mainEntityOfPage":{"@id":"https:\/\/ageraventurat.com\/es\/colegiata-de-sant-pere-de-ager\/"},"wordCount":2113,"commentCount":0,"publisher":{"@id":"https:\/\/ageraventurat.com\/#organization"},"image":{"@id":"https:\/\/ageraventurat.com\/es\/colegiata-de-sant-pere-de-ager\/#primaryimage"},"thumbnailUrl":"https:\/\/ageraventurat.com\/wp-content\/uploads\/2021\/10\/col\u00b7legiata-de-sant-pere-dager.jpg","articleSection":["Noticias"],"inLanguage":"es","potentialAction":[{"@type":"CommentAction","name":"Comment","target":["https:\/\/ageraventurat.com\/es\/colegiata-de-sant-pere-de-ager\/#respond"]}]},{"@type":"WebPage","@id":"https:\/\/ageraventurat.com\/es\/colegiata-de-sant-pere-de-ager\/","url":"https:\/\/ageraventurat.com\/es\/colegiata-de-sant-pere-de-ager\/","name":"COLEGIATA DE SANT PERE DE \u00c0GER | \u00c0ger Aventura't","isPartOf":{"@id":"https:\/\/ageraventurat.com\/#website"},"primaryImageOfPage":{"@id":"https:\/\/ageraventurat.com\/es\/colegiata-de-sant-pere-de-ager\/#primaryimage"},"image":{"@id":"https:\/\/ageraventurat.com\/es\/colegiata-de-sant-pere-de-ager\/#primaryimage"},"thumbnailUrl":"https:\/\/ageraventurat.com\/wp-content\/uploads\/2021\/10\/col\u00b7legiata-de-sant-pere-dager.jpg","description":"La Colegiata de Sant Pere de \u00c0ger es una iglesia amparada por las murallas de un castillo en el punto m\u00e1s alto de la villa de \u00c0ger.","breadcrumb":{"@id":"https:\/\/ageraventurat.com\/es\/colegiata-de-sant-pere-de-ager\/#breadcrumb"},"inLanguage":"es","potentialAction":[{"@type":"ReadAction","target":["https:\/\/ageraventurat.com\/es\/colegiata-de-sant-pere-de-ager\/"]}]},{"@type":"ImageObject","inLanguage":"es","@id":"https:\/\/ageraventurat.com\/es\/colegiata-de-sant-pere-de-ager\/#primaryimage","url":"https:\/\/ageraventurat.com\/wp-content\/uploads\/2021\/10\/col\u00b7legiata-de-sant-pere-dager.jpg","contentUrl":"https:\/\/ageraventurat.com\/wp-content\/uploads\/2021\/10\/col\u00b7legiata-de-sant-pere-dager.jpg","width":768,"height":652,"caption":"Colegiata de Sant Pere de \u00c0ger"},{"@type":"BreadcrumbList","@id":"https:\/\/ageraventurat.com\/es\/colegiata-de-sant-pere-de-ager\/#breadcrumb","itemListElement":[{"@type":"ListItem","position":1,"name":"Inici","item":"https:\/\/ageraventurat.com\/es\/inici\/"},{"@type":"ListItem","position":2,"name":"COLEGIATA DE SANT PERE DE \u00c0GER"}]},{"@type":"WebSite","@id":"https:\/\/ageraventurat.com\/#website","url":"https:\/\/ageraventurat.com\/","name":"Mont Rebei | \u00c0ger Aventura&#039;t","description":"Actividades de aventura: Parapente \u00c0ger, Kayak Congost de Montrebei, trekking, barco, catamar\u00e1n. Muralla de Finestres, escaleras de Montfalc\u00f3, Canelles, La Pertusa...","publisher":{"@id":"https:\/\/ageraventurat.com\/#organization"},"potentialAction":[{"@type":"SearchAction","target":{"@type":"EntryPoint","urlTemplate":"https:\/\/ageraventurat.com\/?s={search_term_string}"},"query-input":{"@type":"PropertyValueSpecification","valueRequired":true,"valueName":"search_term_string"}}],"inLanguage":"es"},{"@type":"Organization","@id":"https:\/\/ageraventurat.com\/#organization","name":"\u00c0ger Aventura't","url":"https:\/\/ageraventurat.com\/","logo":{"@type":"ImageObject","inLanguage":"es","@id":"https:\/\/ageraventurat.com\/#\/schema\/logo\/image\/","url":"https:\/\/ageraventurat.com\/wp-content\/uploads\/2023\/01\/logo-ager-aventurat-1x-1.png","contentUrl":"https:\/\/ageraventurat.com\/wp-content\/uploads\/2023\/01\/logo-ager-aventurat-1x-1.png","width":120,"height":123,"caption":"\u00c0ger Aventura't"},"image":{"@id":"https:\/\/ageraventurat.com\/#\/schema\/logo\/image\/"}},{"@type":"Person","@id":"https:\/\/ageraventurat.com\/#\/schema\/person\/1e5d701bce03fbc3ef9e250fc01a3e5a","name":"admin","image":{"@type":"ImageObject","inLanguage":"es","@id":"https:\/\/ageraventurat.com\/#\/schema\/person\/image\/","url":"https:\/\/secure.gravatar.com\/avatar\/3d8771e958295f415804336505f0c6faebfe16c066754f8f90e0b5a1023ffc77?s=96&d=mm&r=g","contentUrl":"https:\/\/secure.gravatar.com\/avatar\/3d8771e958295f415804336505f0c6faebfe16c066754f8f90e0b5a1023ffc77?s=96&d=mm&r=g","caption":"admin"},"sameAs":["https:\/\/ageraventurat.com"],"url":false}]}},"_links":{"self":[{"href":"https:\/\/ageraventurat.com\/es\/wp-json\/wp\/v2\/posts\/1989","targetHints":{"allow":["GET"]}}],"collection":[{"href":"https:\/\/ageraventurat.com\/es\/wp-json\/wp\/v2\/posts"}],"about":[{"href":"https:\/\/ageraventurat.com\/es\/wp-json\/wp\/v2\/types\/post"}],"author":[{"embeddable":true,"href":"https:\/\/ageraventurat.com\/es\/wp-json\/wp\/v2\/users\/1"}],"replies":[{"embeddable":true,"href":"https:\/\/ageraventurat.com\/es\/wp-json\/wp\/v2\/comments?post=1989"}],"version-history":[{"count":10,"href":"https:\/\/ageraventurat.com\/es\/wp-json\/wp\/v2\/posts\/1989\/revisions"}],"predecessor-version":[{"id":10127,"href":"https:\/\/ageraventurat.com\/es\/wp-json\/wp\/v2\/posts\/1989\/revisions\/10127"}],"wp:featuredmedia":[{"embeddable":true,"href":"https:\/\/ageraventurat.com\/es\/wp-json\/wp\/v2\/media\/1990"}],"wp:attachment":[{"href":"https:\/\/ageraventurat.com\/es\/wp-json\/wp\/v2\/media?parent=1989"}],"wp:term":[{"taxonomy":"category","embeddable":true,"href":"https:\/\/ageraventurat.com\/es\/wp-json\/wp\/v2\/categories?post=1989"},{"taxonomy":"post_tag","embeddable":true,"href":"https:\/\/ageraventurat.com\/es\/wp-json\/wp\/v2\/tags?post=1989"}],"curies":[{"name":"wp","href":"https:\/\/api.w.org\/{rel}","templated":true}]}}